{"id":2110,"date":"2023-11-07T22:15:00","date_gmt":"2023-11-08T01:15:00","guid":{"rendered":"https:\/\/www.qhs.com.ar\/web\/?p=2110"},"modified":"2023-12-26T22:16:46","modified_gmt":"2023-12-27T01:16:46","slug":"izamiento-de-la-bandera","status":"publish","type":"post","link":"https:\/\/www.qhs.com.ar\/web\/index.php\/2023\/11\/07\/izamiento-de-la-bandera\/","title":{"rendered":"Izamiento de la bandera"},"content":{"rendered":"\n<p>Nuestros alumnos de Primer A\u00f1o del Nivel Primario fueron anfitriones de un evento muy especial y recibieron a los ni\u00f1os de Sala de 5 de Jard\u00edn en el habitual Izamiento de la Bandera con un rap sorpresa en su versi\u00f3n original, compuesta especialmente en ambos idiomas para ese encuentro, por su Profesor de M\u00fasica, Enrique Lelli. Agradecemos la labor creativa de sus docentes que pusieron poes\u00eda, color y ritmo a tal lindo encuentro.<\/p>\n\n\n\n<p>Nos encant\u00f3 recibir a nuestros futuros Primeros A\u00f1os como otro hito m\u00e1s dentro de nuestro Proyecto de Articulaci\u00f3n con el Nivel Inicial. \u00a1Bienvenidos!<\/p>\n","protected":false},"excerpt":{"rendered":"<p>Nuestros alumnos de Primer A\u00f1o del Nivel Primario fueron anfitriones de un evento muy especial y recibieron a los ni\u00f1os de Sala de 5 de Jard\u00edn en el habitual Izamiento de la Bandera con un rap sorpresa en su versi\u00f3n original, compuesta especialmente en ambos idiomas para ese encuentro, por su Profesor de M\u00fasica, Enrique [&hellip;]<\/p>\n","protected":false},"author":4,"featured_media":2111,"comment_status":"closed","ping_status":"open","sticky":false,"template":"","format":"standard","meta":{"_et_pb_use_builder":"","_et_pb_old_content":"","_et_gb_content_width":"","footnotes":""},"categories":[12],"tags":[],"class_list":["post-2110","post","type-post","status-publish","format-standard","has-post-thumbnail","hentry","category-primaria"],"_links":{"self":[{"href":"https:\/\/www.qhs.com.ar\/web\/index.php\/wp-json\/wp\/v2\/posts\/2110","targetHints":{"allow":["GET"]}}],"collection":[{"href":"https:\/\/www.qhs.com.ar\/web\/index.php\/wp-json\/wp\/v2\/posts"}],"about":[{"href":"https:\/\/www.qhs.com.ar\/web\/index.php\/wp-json\/wp\/v2\/types\/post"}],"author":[{"embeddable":true,"href":"https:\/\/www.qhs.com.ar\/web\/index.php\/wp-json\/wp\/v2\/users\/4"}],"replies":[{"embeddable":true,"href":"https:\/\/www.qhs.com.ar\/web\/index.php\/wp-json\/wp\/v2\/comments?post=2110"}],"version-history":[{"count":1,"href":"https:\/\/www.qhs.com.ar\/web\/index.php\/wp-json\/wp\/v2\/posts\/2110\/revisions"}],"predecessor-version":[{"id":2112,"href":"https:\/\/www.qhs.com.ar\/web\/index.php\/wp-json\/wp\/v2\/posts\/2110\/revisions\/2112"}],"wp:featuredmedia":[{"embeddable":true,"href":"https:\/\/www.qhs.com.ar\/web\/index.php\/wp-json\/wp\/v2\/media\/2111"}],"wp:attachment":[{"href":"https:\/\/www.qhs.com.ar\/web\/index.php\/wp-json\/wp\/v2\/media?parent=2110"}],"wp:term":[{"taxonomy":"category","embeddable":true,"href":"https:\/\/www.qhs.com.ar\/web\/index.php\/wp-json\/wp\/v2\/categories?post=2110"},{"taxonomy":"post_tag","embeddable":true,"href":"https:\/\/www.qhs.com.ar\/web\/index.php\/wp-json\/wp\/v2\/tags?post=2110"}],"curies":[{"name":"wp","href":"https:\/\/api.w.org\/{rel}","templated":true}]}}