{"id":2055,"date":"2023-10-26T23:43:06","date_gmt":"2023-10-27T02:43:06","guid":{"rendered":"https:\/\/www.qhs.com.ar\/web\/?p=2055"},"modified":"2023-10-26T23:43:11","modified_gmt":"2023-10-27T02:43:11","slug":"acto-12-de-octubre","status":"publish","type":"post","link":"https:\/\/www.qhs.com.ar\/web\/index.php\/2023\/10\/26\/acto-12-de-octubre\/","title":{"rendered":"Acto 12 de Octubre"},"content":{"rendered":"\n<p>Los alumnos de 6\u00ba A\u00f1o fueron los protagonistas de la celebraci\u00f3n del D\u00eda del Respeto a la Diversidad Cultural.<\/p>\n\n\n\n<p>A trav\u00e9s de im\u00e1genes, relatos, m\u00fasica y danzas nos explicaron qu\u00e9 es la diversidad cultural y nos invitaron a recorrer los ritmos y las costumbres de distintos pa\u00edses latinoamericanos, traslad\u00e1ndonos hacia diversos escenarios -culturales y sociales- en los que se construye la identidad.&nbsp;<\/p>\n\n\n\n<p>El lema del encuentro fue que la diversidad nos enriquece y el respeto nos une; que no se trata de tener derecho a ser iguales sino de tener igual derecho a ser diferentes y que el respeto a la diversidad \u2013 declarada Patrimonio de la Humanidad por la UNESCO \u2013 es la base para lograr una convivencia pac\u00edfica y el desarrollo de las generaciones futuras.<\/p>\n\n\n\n<p>Agradecemos a sus docentes Cecilia, Patricia y Susana. Tambi\u00e9n, a los profesores especiales que participaron y estuvieron presentes en cada detalle: Patricia Perotti en la realizaci\u00f3n del discurso y a Patricia Garc\u00eda que le puso voz al relato. Sebasti\u00e1n Bellotti en la escenograf\u00eda, Gustavo Castro en la m\u00fasica y Mariela Morassut en la danza.<\/p>\n\n\n\n<p>Fotograf\u00edas: Mario Rivero<\/p>\n","protected":false},"excerpt":{"rendered":"<p>Los alumnos de 6\u00ba A\u00f1o fueron los protagonistas de la celebraci\u00f3n del D\u00eda del Respeto a la Diversidad Cultural. A trav\u00e9s de im\u00e1genes, relatos, m\u00fasica y danzas nos explicaron qu\u00e9 es la diversidad cultural y nos invitaron a recorrer los ritmos y las costumbres de distintos pa\u00edses latinoamericanos, traslad\u00e1ndonos hacia diversos escenarios -culturales y sociales- [&hellip;]<\/p>\n","protected":false},"author":4,"featured_media":2056,"comment_status":"closed","ping_status":"open","sticky":false,"template":"","format":"standard","meta":{"_et_pb_use_builder":"","_et_pb_old_content":"","_et_gb_content_width":"","footnotes":""},"categories":[12],"tags":[],"class_list":["post-2055","post","type-post","status-publish","format-standard","has-post-thumbnail","hentry","category-primaria"],"_links":{"self":[{"href":"https:\/\/www.qhs.com.ar\/web\/index.php\/wp-json\/wp\/v2\/posts\/2055","targetHints":{"allow":["GET"]}}],"collection":[{"href":"https:\/\/www.qhs.com.ar\/web\/index.php\/wp-json\/wp\/v2\/posts"}],"about":[{"href":"https:\/\/www.qhs.com.ar\/web\/index.php\/wp-json\/wp\/v2\/types\/post"}],"author":[{"embeddable":true,"href":"https:\/\/www.qhs.com.ar\/web\/index.php\/wp-json\/wp\/v2\/users\/4"}],"replies":[{"embeddable":true,"href":"https:\/\/www.qhs.com.ar\/web\/index.php\/wp-json\/wp\/v2\/comments?post=2055"}],"version-history":[{"count":1,"href":"https:\/\/www.qhs.com.ar\/web\/index.php\/wp-json\/wp\/v2\/posts\/2055\/revisions"}],"predecessor-version":[{"id":2057,"href":"https:\/\/www.qhs.com.ar\/web\/index.php\/wp-json\/wp\/v2\/posts\/2055\/revisions\/2057"}],"wp:featuredmedia":[{"embeddable":true,"href":"https:\/\/www.qhs.com.ar\/web\/index.php\/wp-json\/wp\/v2\/media\/2056"}],"wp:attachment":[{"href":"https:\/\/www.qhs.com.ar\/web\/index.php\/wp-json\/wp\/v2\/media?parent=2055"}],"wp:term":[{"taxonomy":"category","embeddable":true,"href":"https:\/\/www.qhs.com.ar\/web\/index.php\/wp-json\/wp\/v2\/categories?post=2055"},{"taxonomy":"post_tag","embeddable":true,"href":"https:\/\/www.qhs.com.ar\/web\/index.php\/wp-json\/wp\/v2\/tags?post=2055"}],"curies":[{"name":"wp","href":"https:\/\/api.w.org\/{rel}","templated":true}]}}