{"id":2029,"date":"2023-08-28T23:02:36","date_gmt":"2023-08-29T02:02:36","guid":{"rendered":"https:\/\/www.qhs.com.ar\/web\/?p=2029"},"modified":"2023-09-29T23:11:22","modified_gmt":"2023-09-30T02:11:22","slug":"junior-ii","status":"publish","type":"post","link":"https:\/\/www.qhs.com.ar\/web\/index.php\/2023\/08\/28\/junior-ii\/","title":{"rendered":"JUNIOR II"},"content":{"rendered":"\n<p>On August, 25th Junior II opened our 2023 QHS Concerts season and we could enjoy a wonderful show on stage! Congratulations to Junior II pupils, their form teachers: Miss Mariel, Miss Sylvia and Miss Luli, Mr. Rom\u00e1n and Miss Mariela!<\/p>\n\n\n\n<p>We loved dances, songs, Junior II\u2019s performances and the moral of the Concert on the importance of bravery, brotherhood and peace. Everything ran smoothly; kids had real fun while performing and accompanying their lines with expressions and moves.<\/p>\n\n\n\n<p>Thank you all for your care, enthusiasm and commitment! Super team at work!<\/p>\n\n\n\n<p>El 25 de agosto Junior II inaugur\u00f3 la temporada 2023 de QHS Concerts y pudimos disfrutar de un espect\u00e1culo maravilloso. \u00a1Felicitaciones a los\/as alumnos\/as de Junior II y a sus maestras de curso Miss Mariel, Miss Sylvia y Miss Luli y a sus profesores\/as de M\u00fasica y de Danza!<\/p>\n\n\n\n<p>Nos encantaron los bailes, las canciones, las actuaciones de nuestros\/as estudiantes y la moraleja de la historia acerca de la importancia de la valent\u00eda, el compa\u00f1erismo y la paz. Todo fluy\u00f3; los\/as ni\u00f1os\/as se divirtieron mientras actuaban y acompa\u00f1aban sus l\u00edneas con expresi\u00f3n y movimiento.<\/p>\n\n\n\n<p>\u00a1Gracias por todo su entusiasmo, compromiso y dedicaci\u00f3n! \u00a1Qu\u00e9 gran equipo en acci\u00f3n!<\/p>\n\n\n\n<p>Las fotos son cortes\u00eda de Mario Rivero.<\/p>\n","protected":false},"excerpt":{"rendered":"<p>On August, 25th Junior II opened our 2023 QHS Concerts season and we could enjoy a wonderful show on stage! Congratulations to Junior II pupils, their form teachers: Miss Mariel, Miss Sylvia and Miss Luli, Mr. Rom\u00e1n and Miss Mariela! We loved dances, songs, Junior II\u2019s performances and the moral of the Concert on the [&hellip;]<\/p>\n","protected":false},"author":4,"featured_media":2030,"comment_status":"open","ping_status":"open","sticky":false,"template":"","format":"standard","meta":{"_et_pb_use_builder":"","_et_pb_old_content":"","_et_gb_content_width":"","footnotes":""},"categories":[12,1],"tags":[],"class_list":["post-2029","post","type-post","status-publish","format-standard","has-post-thumbnail","hentry","category-primaria","category-sin-categoria"],"_links":{"self":[{"href":"https:\/\/www.qhs.com.ar\/web\/index.php\/wp-json\/wp\/v2\/posts\/2029","targetHints":{"allow":["GET"]}}],"collection":[{"href":"https:\/\/www.qhs.com.ar\/web\/index.php\/wp-json\/wp\/v2\/posts"}],"about":[{"href":"https:\/\/www.qhs.com.ar\/web\/index.php\/wp-json\/wp\/v2\/types\/post"}],"author":[{"embeddable":true,"href":"https:\/\/www.qhs.com.ar\/web\/index.php\/wp-json\/wp\/v2\/users\/4"}],"replies":[{"embeddable":true,"href":"https:\/\/www.qhs.com.ar\/web\/index.php\/wp-json\/wp\/v2\/comments?post=2029"}],"version-history":[{"count":1,"href":"https:\/\/www.qhs.com.ar\/web\/index.php\/wp-json\/wp\/v2\/posts\/2029\/revisions"}],"predecessor-version":[{"id":2031,"href":"https:\/\/www.qhs.com.ar\/web\/index.php\/wp-json\/wp\/v2\/posts\/2029\/revisions\/2031"}],"wp:featuredmedia":[{"embeddable":true,"href":"https:\/\/www.qhs.com.ar\/web\/index.php\/wp-json\/wp\/v2\/media\/2030"}],"wp:attachment":[{"href":"https:\/\/www.qhs.com.ar\/web\/index.php\/wp-json\/wp\/v2\/media?parent=2029"}],"wp:term":[{"taxonomy":"category","embeddable":true,"href":"https:\/\/www.qhs.com.ar\/web\/index.php\/wp-json\/wp\/v2\/categories?post=2029"},{"taxonomy":"post_tag","embeddable":true,"href":"https:\/\/www.qhs.com.ar\/web\/index.php\/wp-json\/wp\/v2\/tags?post=2029"}],"curies":[{"name":"wp","href":"https:\/\/api.w.org\/{rel}","templated":true}]}}