{"id":1881,"date":"2023-02-22T00:03:43","date_gmt":"2023-02-22T03:03:43","guid":{"rendered":"https:\/\/www.qhs.com.ar\/web\/?p=1881"},"modified":"2023-02-22T00:03:58","modified_gmt":"2023-02-22T03:03:58","slug":"salas-de-4-y-5-anos","status":"publish","type":"post","link":"https:\/\/www.qhs.com.ar\/web\/index.php\/2023\/02\/22\/salas-de-4-y-5-anos\/","title":{"rendered":"Salas de 4 y 5 a\u00f1os"},"content":{"rendered":"\n<p><strong>Estimadas familias de las salas de 4 y 5 a\u00f1os:<\/strong><\/p>\n\n\n\n<p>A pocos d\u00edas de reencontrarnos para iniciar otro ciclo lectivo, y esperando hayan disfrutado unas hermosas vacaciones, nos ponemos en contacto para brindarles informaci\u00f3n importante para los primeros d\u00edas de clase.<\/p>\n\n\n\n<ul class=\"wp-block-list\">\n<li><strong>Promoci\u00f3n de los grupos 2022 a las nuevas secciones 2023<\/strong><\/li>\n<\/ul>\n\n\n\n<figure class=\"wp-block-table\"><table><tbody><tr><td><strong>En 2022<\/strong><\/td><td>Sala Amarilla<\/td><td>Sala Rosa<\/td><td>Sala Celeste<\/td><td>Sala Azul&nbsp;<\/td><td>Sala Turquesa&nbsp;<\/td><\/tr><tr><td><strong>En 2023<\/strong><\/td><td>Sala Azul<\/td><td>Sala Celeste<\/td><td>Sala Verde<\/td><td>Sala Naranja<\/td><td>Sala Roja<\/td><\/tr><tr><td><strong>Docentes<\/strong><\/td><td>Srta. &nbsp;Agostina Ben\u00e9s &nbsp; Miss Lara Vilar (supl)<\/td><td>Srta. Lara Vilar &nbsp; Miss &nbsp;Valeria Dorado<\/td><td>Srta. M. Paula Rossato &nbsp; Miss Paula Maitsch<\/td><td>Srta. Ver\u00f3nica Del Zotto &nbsp; Miss Raquel&nbsp; Soto &nbsp;<\/td><td>Srta. Romina Mosna &nbsp; Miss&nbsp; Andrea D\u00b4Amore<\/td><\/tr><\/tbody><\/table><\/figure>\n\n\n\n<ul class=\"wp-block-list\">\n<li><strong><u>Primer dia de clases<\/u><\/strong>:<\/li>\n<\/ul>\n\n\n\n<p><strong><u>Turno Ma\u00f1ana<\/u><\/strong>: El <strong>mi\u00e9rcoles 22 a las 9.30<\/strong> hs los esperamos, junto a sus hijo\/as (sin mochila)&nbsp; en el Sal\u00f3n de Actos (Rivadavia 460)&nbsp; para compartir un breve acto de apertura. (En caso de lluvia, los esperamos directamente en el Jard\u00edn)<\/p>\n\n\n\n<p>&nbsp;Finalizado el mismo &nbsp;los invitamos&nbsp; a dirigirse al Jard\u00edn para compartir&nbsp; una actividad en la sala junto a su docente, de aproximadamente 50 minutos.<\/p>\n\n\n\n<p><strong><u>Turno tarde<\/u><\/strong>:&nbsp; El alumnado asistir\u00e1 en <strong>horario completo<\/strong> (con mochila), de 14 a 16.30&nbsp; siempre y cuando puedan permanecer en el Jard\u00edn sin angustiarse. En este sentido, y respetando los tiempos y&nbsp; la singularidad de cada ni\u00f1o\/a,&nbsp; les solicitamos estar pendientes de cualquier llamado que necesitemos hacer desde el Jard\u00edn.<\/p>\n\n\n\n<ul class=\"wp-block-list\">\n<li><strong><u>Horario<\/u><\/strong>: A partir del <strong>jueves 23<\/strong>, los alumno\/as asistir\u00e1n en <strong>horario completo en ambos turnos<\/strong>.<\/li>\n<\/ul>\n\n\n\n<p>7.45 a 11.45 (T.M)&nbsp; y 13.50 a 16.30 (T.T) .&nbsp; Las puertas se cierran a las 8.00 y a las 14.00 para los saludos de inicio de la jornada.<\/p>\n\n\n\n<ul class=\"wp-block-list\">\n<li>&nbsp;<strong><u>Accesos y salidas:<\/u><\/strong> <strong>Calle Rivadavia 445<\/strong> : Salas Verde, Naranja , Roja y Celeste.<\/li>\n<\/ul>\n\n\n\n<p>&nbsp;&nbsp;&nbsp;&nbsp;&nbsp;&nbsp;&nbsp;&nbsp;&nbsp;&nbsp;&nbsp;&nbsp;&nbsp;&nbsp;&nbsp;&nbsp;&nbsp;&nbsp;&nbsp;&nbsp;&nbsp;&nbsp;&nbsp;&nbsp;&nbsp;&nbsp;&nbsp;&nbsp;&nbsp;&nbsp;&nbsp;&nbsp;&nbsp;&nbsp;&nbsp;&nbsp;&nbsp;&nbsp;&nbsp;&nbsp;&nbsp;&nbsp;&nbsp;&nbsp; <strong>Calle Pa<\/strong><strong>z 625<\/strong>:&nbsp; Sala Azul.<\/p>\n\n\n\n<ul class=\"wp-block-list\">\n<li><strong><u>Comedor<\/u><\/strong>. El servicio de comedor en el Jard\u00edn de Infantes comenzar\u00e1 a prestarse el <strong>mi\u00e9rcoles 1 de marzo para los ni\u00f1os de salas de 4 y 5 a\u00f1os.<\/strong><\/li>\n<\/ul>\n\n\n\n<p>Podr\u00e1n hacer avisos o consultas a los responsables del servicio en esta direcci\u00f3n de correo: <a href=\"mailto:comedorqhs@gmail.com.ar\">qhscomedor@gmail.com.ar<\/a><\/p>\n\n\n\n<p>En este link podr\u00e1n inscribir a su hijo\/a. <a href=\"https:\/\/forms.gle\/Zr7wMDoWeYvSmbAt7\">https:\/\/forms.gle\/Zr7wMDoWeYvSmbAt7<\/a>&nbsp;&nbsp;<\/p>\n\n\n\n<ul class=\"wp-block-list\">\n<li><strong><u>V\u00edas de comunicaci\u00f3n<\/u><\/strong>: <strong>Es fundamental estar siempre atentos&nbsp; al mail que la escuela ha generado para su hijo\/a, (<\/strong><a href=\"mailto:alumno@qhs-imb.edu.ar\"><strong>alumno@qhs-imb.edu.ar<\/strong><\/a><strong>) pues all\u00ed recibir\u00e1n TODAS las notificaciones del Jard\u00edn. <\/strong>(avisos de episodios cotidianos, pedidos, informaci\u00f3n relevante, etc)<\/li>\n<\/ul>\n\n\n\n<p>Ponemos a disposici\u00f3n de las familias estas casillas de correo seg\u00fan el motivo de su mensaje:<\/p>\n\n\n\n<ul class=\"wp-block-list\">\n<li><a href=\"mailto:preceptoria4@qhs-imb.edu.ar\">preceptoria4@qhs-imb.edu.ar<\/a> \/ <a href=\"mailto:preceptoria5@qhs-imb.edu.ar\">preceptoria5@qhs-imb.edu.ar<\/a> (seg\u00fan corresponda) : inquietudes, avisos de retiros no habituales, situaciones de salud\/dietas, comedor, pedido de reuniones con los docentes, etc. Esta casilla es le\u00edda por el equipo de preceptoras y los directivos. Las preceptoras informar\u00e1n a las docentes el contenido de los mensajes recibidos.<\/li>\n\n\n\n<li><a href=\"mailto:direccionjardin@qhs-imb.edu.ar\">direccionjardin@qhs-imb.edu.ar<\/a> :comunicaci\u00f3n con el Equipo Directivo.<\/li>\n\n\n\n<li><a href=\"mailto:eoejardin@qhs.com.ar\">eoejardin@qhs.com.ar<\/a>: consultas o pedidos de entrevistas con el Equipo de Orientaci\u00f3n Escolar.<\/li>\n<\/ul>\n\n\n\n<p>Comunicaciones telef\u00f3nicas: 4253 7124 \/ 4253 0123 \/&nbsp; 15 3686 9956<\/p>\n\n\n\n<p>El personal auxiliar ser\u00e1 responsable de recepcionar los llamados y trasladar\u00e1 la comunicaci\u00f3n a las preceptoras, al personal directivo o secretar\u00eda seg\u00fan el motivo de los mismos.<\/p>\n\n\n\n<p>Como ustedes comprender\u00e1n la prioridad del personal docente es acompa\u00f1ar a los alumnos en sus actividades, y no nos es viable estar pendientes permanentemente del celular; por lo tanto, y para lograr una comunicaci\u00f3n efectiva, les agradecemos utilizar en forma prioritaria el correo electr\u00f3nico.<\/p>\n\n\n\n<ul class=\"wp-block-list\">\n<li><strong><u>Datos de alumnos<\/u><\/strong><strong>:&nbsp;<\/strong><\/li>\n\n\n\n<li>En la casilla <a href=\"mailto:alumno@qhs-imb.edu.ar\">alumno@qhs-imb.edu.ar<\/a> que la escuela ha generado para su hija\/o , recibir\u00e1n&nbsp; archivos con formularios para que consignen autorizaciones, fichas de salud y datos de sus hijos. Deber\u00e1n traerlos completos el primer d\u00eda de clases ya que contienen informaci\u00f3n relevante para las din\u00e1micas del jard\u00edn.&nbsp;<\/li>\n<\/ul>\n\n\n\n<p>Aprovechamos la oportunidad para acercarles un c\u00e1lido saludo de bienvenida, agradeciendo la amorosa confianza con que nos permiten compartir la educaci\u00f3n de su hijo\/a.<\/p>\n\n\n\n<p>Equipo directivo del Jardin de Infantes Manuel Belgrano &#8211; <em>Quilmes High School Kindergarten<\/em><\/p>\n","protected":false},"excerpt":{"rendered":"<p>Estimadas familias de las salas de 4 y 5 a\u00f1os: A pocos d\u00edas de reencontrarnos para iniciar otro ciclo lectivo, y esperando hayan disfrutado unas hermosas vacaciones, nos ponemos en contacto para brindarles informaci\u00f3n importante para los primeros d\u00edas de clase. En 2022 Sala Amarilla Sala Rosa Sala Celeste Sala Azul&nbsp; Sala Turquesa&nbsp; En 2023 [&hellip;]<\/p>\n","protected":false},"author":4,"featured_media":1560,"comment_status":"open","ping_status":"open","sticky":false,"template":"","format":"standard","meta":{"_et_pb_use_builder":"","_et_pb_old_content":"","_et_gb_content_width":"","footnotes":""},"categories":[11],"tags":[],"class_list":["post-1881","post","type-post","status-publish","format-standard","has-post-thumbnail","hentry","category-jardin-de-infantes"],"_links":{"self":[{"href":"https:\/\/www.qhs.com.ar\/web\/index.php\/wp-json\/wp\/v2\/posts\/1881","targetHints":{"allow":["GET"]}}],"collection":[{"href":"https:\/\/www.qhs.com.ar\/web\/index.php\/wp-json\/wp\/v2\/posts"}],"about":[{"href":"https:\/\/www.qhs.com.ar\/web\/index.php\/wp-json\/wp\/v2\/types\/post"}],"author":[{"embeddable":true,"href":"https:\/\/www.qhs.com.ar\/web\/index.php\/wp-json\/wp\/v2\/users\/4"}],"replies":[{"embeddable":true,"href":"https:\/\/www.qhs.com.ar\/web\/index.php\/wp-json\/wp\/v2\/comments?post=1881"}],"version-history":[{"count":1,"href":"https:\/\/www.qhs.com.ar\/web\/index.php\/wp-json\/wp\/v2\/posts\/1881\/revisions"}],"predecessor-version":[{"id":1882,"href":"https:\/\/www.qhs.com.ar\/web\/index.php\/wp-json\/wp\/v2\/posts\/1881\/revisions\/1882"}],"wp:featuredmedia":[{"embeddable":true,"href":"https:\/\/www.qhs.com.ar\/web\/index.php\/wp-json\/wp\/v2\/media\/1560"}],"wp:attachment":[{"href":"https:\/\/www.qhs.com.ar\/web\/index.php\/wp-json\/wp\/v2\/media?parent=1881"}],"wp:term":[{"taxonomy":"category","embeddable":true,"href":"https:\/\/www.qhs.com.ar\/web\/index.php\/wp-json\/wp\/v2\/categories?post=1881"},{"taxonomy":"post_tag","embeddable":true,"href":"https:\/\/www.qhs.com.ar\/web\/index.php\/wp-json\/wp\/v2\/tags?post=1881"}],"curies":[{"name":"wp","href":"https:\/\/api.w.org\/{rel}","templated":true}]}}