{"id":1865,"date":"2023-02-05T13:03:12","date_gmt":"2023-02-05T16:03:12","guid":{"rendered":"https:\/\/www.qhs.com.ar\/web\/?p=1865"},"modified":"2023-02-05T13:14:27","modified_gmt":"2023-02-05T16:14:27","slug":"informacion-correspondiente-al-inicio-del-ciclo-lectivo-2023","status":"publish","type":"post","link":"https:\/\/www.qhs.com.ar\/web\/index.php\/2023\/02\/05\/informacion-correspondiente-al-inicio-del-ciclo-lectivo-2023\/","title":{"rendered":"Informaci\u00f3n correspondiente al inicio del Ciclo Lectivo 2023"},"content":{"rendered":"\n<p>Para facilitar la organizaci\u00f3n familiar y escolar, compartimos con ustedes la siguiente informaci\u00f3n correspondiente al<br>pr\u00f3ximo a\u00f1o.<br><br><strong>Calendario especial :<\/strong> De acuerdo con el calendario especial de las escuelas biling\u00fces reconocidas, el ciclo lectivo<br>2023, del \u201cQuilmes High School\u201d\u00ae, comenzar\u00e1 una semana antes al d\u00eda de inicio que se fije para los<br>establecimientos escolares oficiales de la Provincia de Buenos Aires. Seg\u00fan ese calendario especial, las actividades<br>pedag\u00f3gicas tendr\u00e1n un receso durante una semana del mes de septiembre (en 2023 ser\u00e1n del 18 al 22 de ese mes).<br>El receso invernal y la finalizaci\u00f3n del ciclo lectivo, ser\u00e1n aquellos que se determinen en el calendario escolar de la<br>Provincia de Buenos Aires.<br><br><strong>Inicio de clases:<\/strong> De acuerdo con la informaci\u00f3n con la que contamos hasta el momento, iniciaremos las clases el<br>mi\u00e9rcoles 22 de febrero, luego del feriado de Carnaval.<br>Les solicitamos estar atentos a sus casillas de correo o al sitio web donde se actualizar\u00e1 la informaci\u00f3n de ser<br>necesario.<\/p>\n\n\n\n<p><strong>Reuniones con las familias de sala de 3 y de nuevos alumnos:<\/strong> El jueves 16 de febrero a las 9.00 las familias de<br>lo\/as alumno\/as de la primera secci\u00f3n (salas de 3 a\u00f1os) y de los alumnos que se incorporen a las 2as y 3as ( salas de 4<br>y 5 a\u00f1os), son convocadas a un encuentro informativo donde se les brindar\u00e1n orientaciones espec\u00edficas para el periodo inicial.<br><strong>Durante el mes de marzo se desarrollar\u00e1n reuniones con las familias de todas las salas<\/strong><br><br><strong>IMPORTANTE:<\/strong> Para ese d\u00eda les solicitamos acercar la siguiente documentaci\u00f3n de su hijo\/a:<br><br><strong>Elementos necesarios:<\/strong> La mochila debe ser la que corresponde al uniforme con los siguientes elementos diarios (todo con nombre):<\/p>\n\n\n\n<p><strong>Dentro de la mochila verde correspondiente al uniforme:<\/strong><\/p>\n\n\n\n<ul class=\"wp-block-list\">\n<li>Taza sin plato o vaso plastico sin sorbete<\/li>\n\n\n\n<li>Mantel individual, servilleta y toalla con cinta para colgar del cuello, pa\u00f1uelos descartables.<\/li>\n\n\n\n<li>2 Tuppers con galletitas (1 para cada turno)<\/li>\n\n\n\n<li>Muda de ropa interior (bombacha \/ calzoncillo y medias) en bolsa herm\u00e9tica (tipo ziploc)<\/li>\n<\/ul>\n\n\n\n<p><strong>Para dejar en el jard\u00edn:<\/strong><\/p>\n\n\n\n<ul class=\"wp-block-list\">\n<li>Pintor de tela con nombre (no de pl\u00e1stico)<\/li>\n<\/ul>\n\n\n\n<p><strong>Para los alumnos de las salas de 3 a\u00f1os:<\/strong><br>Muda de ropa en bolsa de tela con nombre bien visible, conteniendo: un paquete de toallitas h\u00famedas, 2 pares de<br>medias, 3 bombachas o calzoncillos, un short, un pantal\u00f3n, una remera y un par de zapatillas. Estas prendas pueden<br>no ser del uniforme. Colocar nombre a todas ellas sin excepci\u00f3n.<\/p>\n\n\n\n<p><strong>Para los alumnos de las salas de 4 y 5 a\u00f1os:<\/strong><br>Muda de ropa en bolsa de tela con nombre bien visible conteniendo: 1 bombacha o calzoncillo, 1 pantal\u00f3n o short<br>seg\u00fan la estaci\u00f3n, 2 remeras que pueden no ser del uniforme. Colocar nombre a todas las prendas sin excepci\u00f3n.<br>Si su hijo\/a se higieniza con toallitas h\u00famedas al momento de ir al ba\u00f1o, agregar un paquete peque\u00f1o con nombre<br>para uso personal.<\/p>\n\n\n\n<p><strong>Salas de 4 a\u00f1os:<\/strong> Para las clases de ingl\u00e9s utilizar\u00e1n el libro \u201cFerri\u00b4s Wheel 2\u201d,<br>Students book\u00b4+ App by Carol Read (Macmillan Education).<\/p>\n\n\n\n<p><strong>Salas de 5 a\u00f1os: <\/strong>Los alumnos traer\u00e1n una cartuchera simple de un solo piso con cierre (no met\u00e1lica, dado que se les dificulta su manipulaci\u00f3n y adem\u00e1s se rompen con  facilidad) , sin \u00fatiles. Se adjunta imagen de referencia.<\/p>\n\n\n\n<p>El libro que utilizar\u00e1n para ingl\u00e9s ser\u00e1 \u00a8\u201cMimi\u2019s Wheel 2\u201d, Pupils\u00b4s book +App, by<br>Carol Read (Macmillan Education).<\/p>\n\n\n\n<p><em>IMPORTANTE: No se pueden traer chupetes, mamadera, juguetes, golosinas (chocolates, chupetines, caramelos), ni asistir con tatuajes, u\u00f1as pintadas , maquillaje o alhajas.<br>No se repartir\u00e1n souvenirs o golosinas en el Jard\u00edn.<\/em><\/p>\n\n\n\n<p><strong>COMEDOR:<\/strong> El servicio de comedor es optativo, en modalidad mensual y se brinda entre las 12:00 y las 14.00 en el<br>Jard\u00edn de Infantes con la supervisi\u00f3n de personal contratado por la escuela. Los primeros d\u00edas de clase recibir\u00e1n un<br>formulario virtual para inscribir a su hijo\/a, si as\u00ed lo desean.<br>Comenzar\u00e1 a prestarse el mi\u00e9rcoles 1 de marzo para las salas de 4 y 5.<br>Para los m\u00e1s chiquitos, se iniciar\u00e1 lo antes posible, considerando la evoluci\u00f3n de cada ni\u00f1o.<\/p>\n\n\n\n<p>Aprovechamos la oportunidad para agradecerles la confianza que nos brindan al permitirnos acompa\u00f1ar la educaci\u00f3n y la crianza de su hijo\/a y les acercamos un saludo especial en estas fiestas. Los esperamos para disfrutar plenamente de un nuevo ciclo lectivo.<\/p>\n\n\n\n<p><strong><em>Jardin de Infantes Manuel Belgrano &#8211; Quilmes High School Kindergarten<\/em><\/strong><\/p>\n","protected":false},"excerpt":{"rendered":"<p>Para facilitar la organizaci\u00f3n familiar y escolar, compartimos con ustedes la siguiente informaci\u00f3n correspondiente alpr\u00f3ximo a\u00f1o. Calendario especial : De acuerdo con el calendario especial de las escuelas biling\u00fces reconocidas, el ciclo lectivo2023, del \u201cQuilmes High School\u201d\u00ae, comenzar\u00e1 una semana antes al d\u00eda de inicio que se fije para losestablecimientos escolares oficiales de la Provincia [&hellip;]<\/p>\n","protected":false},"author":4,"featured_media":1560,"comment_status":"open","ping_status":"open","sticky":false,"template":"","format":"standard","meta":{"_et_pb_use_builder":"","_et_pb_old_content":"","_et_gb_content_width":"","footnotes":""},"categories":[11],"tags":[],"class_list":["post-1865","post","type-post","status-publish","format-standard","has-post-thumbnail","hentry","category-jardin-de-infantes"],"_links":{"self":[{"href":"https:\/\/www.qhs.com.ar\/web\/index.php\/wp-json\/wp\/v2\/posts\/1865","targetHints":{"allow":["GET"]}}],"collection":[{"href":"https:\/\/www.qhs.com.ar\/web\/index.php\/wp-json\/wp\/v2\/posts"}],"about":[{"href":"https:\/\/www.qhs.com.ar\/web\/index.php\/wp-json\/wp\/v2\/types\/post"}],"author":[{"embeddable":true,"href":"https:\/\/www.qhs.com.ar\/web\/index.php\/wp-json\/wp\/v2\/users\/4"}],"replies":[{"embeddable":true,"href":"https:\/\/www.qhs.com.ar\/web\/index.php\/wp-json\/wp\/v2\/comments?post=1865"}],"version-history":[{"count":1,"href":"https:\/\/www.qhs.com.ar\/web\/index.php\/wp-json\/wp\/v2\/posts\/1865\/revisions"}],"predecessor-version":[{"id":1866,"href":"https:\/\/www.qhs.com.ar\/web\/index.php\/wp-json\/wp\/v2\/posts\/1865\/revisions\/1866"}],"wp:featuredmedia":[{"embeddable":true,"href":"https:\/\/www.qhs.com.ar\/web\/index.php\/wp-json\/wp\/v2\/media\/1560"}],"wp:attachment":[{"href":"https:\/\/www.qhs.com.ar\/web\/index.php\/wp-json\/wp\/v2\/media?parent=1865"}],"wp:term":[{"taxonomy":"category","embeddable":true,"href":"https:\/\/www.qhs.com.ar\/web\/index.php\/wp-json\/wp\/v2\/categories?post=1865"},{"taxonomy":"post_tag","embeddable":true,"href":"https:\/\/www.qhs.com.ar\/web\/index.php\/wp-json\/wp\/v2\/tags?post=1865"}],"curies":[{"name":"wp","href":"https:\/\/api.w.org\/{rel}","templated":true}]}}