{"id":1744,"date":"2022-11-04T12:28:00","date_gmt":"2022-11-04T15:28:00","guid":{"rendered":"https:\/\/www.qhs.com.ar\/web\/?p=1744"},"modified":"2022-11-20T12:32:13","modified_gmt":"2022-11-20T15:32:13","slug":"mi-mundo-de-emociones","status":"publish","type":"post","link":"https:\/\/www.qhs.com.ar\/web\/index.php\/2022\/11\/04\/mi-mundo-de-emociones\/","title":{"rendered":"Mi mundo de emociones"},"content":{"rendered":"\n<p><strong>Las familias de \u201cSala Pajaritos\u201d y \u201cSala Mariposa\u201d T.M y T.T del Jard\u00edn Maternal participaron del cierre del Proyecto \u201cMi Mundo de Emociones\u201d, desarrollado por la Lic. Luciana Mai, Orientadora Educacional de ntra. Instituci\u00f3n.<\/strong><\/p>\n\n\n\n<p>El Proyecto se desarrolla de manera anual, a trav\u00e9s de diversas vivencias, propuestas l\u00fadicas, expresivas, elaboraci\u00f3n de recursos, bibliograf\u00eda y videocuentos compartidos con las familias. Acompa\u00f1amos a los ni\u00f1os\/as en el descubrimiento de su mundo interno, aprendiendo a identificar sus emociones; valorando y respetando cada una de ellas, y elaborando alternativas y estrategias para expresarlas y atravesarlas.<\/p>\n\n\n\n<p>\u00a1Gracias a cada familia por participar con tanto entusiasmo!<br><br>Ver video competo<br><a href=\"https:\/\/www.instagram.com\/reel\/CkyGeZ_PYj6\/\" target=\"_blank\" rel=\"noreferrer noopener\">https:\/\/www.instagram.com\/reel\/CkyGeZ_PYj6\/<\/a><\/p>\n","protected":false},"excerpt":{"rendered":"<p>Las familias de \u201cSala Pajaritos\u201d y \u201cSala Mariposa\u201d T.M y T.T del Jard\u00edn Maternal participaron del cierre del Proyecto \u201cMi Mundo de Emociones\u201d, desarrollado por la Lic. Luciana Mai, Orientadora Educacional de ntra. Instituci\u00f3n. El Proyecto se desarrolla de manera anual, a trav\u00e9s de diversas vivencias, propuestas l\u00fadicas, expresivas, elaboraci\u00f3n de recursos, bibliograf\u00eda y videocuentos [&hellip;]<\/p>\n","protected":false},"author":4,"featured_media":1745,"comment_status":"open","ping_status":"open","sticky":false,"template":"","format":"standard","meta":{"_et_pb_use_builder":"","_et_pb_old_content":"","_et_gb_content_width":"","footnotes":""},"categories":[10],"tags":[],"class_list":["post-1744","post","type-post","status-publish","format-standard","has-post-thumbnail","hentry","category-jardin-maternal"],"_links":{"self":[{"href":"https:\/\/www.qhs.com.ar\/web\/index.php\/wp-json\/wp\/v2\/posts\/1744","targetHints":{"allow":["GET"]}}],"collection":[{"href":"https:\/\/www.qhs.com.ar\/web\/index.php\/wp-json\/wp\/v2\/posts"}],"about":[{"href":"https:\/\/www.qhs.com.ar\/web\/index.php\/wp-json\/wp\/v2\/types\/post"}],"author":[{"embeddable":true,"href":"https:\/\/www.qhs.com.ar\/web\/index.php\/wp-json\/wp\/v2\/users\/4"}],"replies":[{"embeddable":true,"href":"https:\/\/www.qhs.com.ar\/web\/index.php\/wp-json\/wp\/v2\/comments?post=1744"}],"version-history":[{"count":1,"href":"https:\/\/www.qhs.com.ar\/web\/index.php\/wp-json\/wp\/v2\/posts\/1744\/revisions"}],"predecessor-version":[{"id":1746,"href":"https:\/\/www.qhs.com.ar\/web\/index.php\/wp-json\/wp\/v2\/posts\/1744\/revisions\/1746"}],"wp:featuredmedia":[{"embeddable":true,"href":"https:\/\/www.qhs.com.ar\/web\/index.php\/wp-json\/wp\/v2\/media\/1745"}],"wp:attachment":[{"href":"https:\/\/www.qhs.com.ar\/web\/index.php\/wp-json\/wp\/v2\/media?parent=1744"}],"wp:term":[{"taxonomy":"category","embeddable":true,"href":"https:\/\/www.qhs.com.ar\/web\/index.php\/wp-json\/wp\/v2\/categories?post=1744"},{"taxonomy":"post_tag","embeddable":true,"href":"https:\/\/www.qhs.com.ar\/web\/index.php\/wp-json\/wp\/v2\/tags?post=1744"}],"curies":[{"name":"wp","href":"https:\/\/api.w.org\/{rel}","templated":true}]}}