{"id":1601,"date":"2022-10-04T19:25:40","date_gmt":"2022-10-04T22:25:40","guid":{"rendered":"https:\/\/www.qhs.com.ar\/web\/?p=1601"},"modified":"2022-10-04T19:25:44","modified_gmt":"2022-10-04T22:25:44","slug":"temporada-de-concerts-2022","status":"publish","type":"post","link":"https:\/\/www.qhs.com.ar\/web\/index.php\/2022\/10\/04\/temporada-de-concerts-2022\/","title":{"rendered":"Temporada de Concerts 2022"},"content":{"rendered":"\n<p>On September 30th, Junior II opened our 2022 Concerts Season. We congratulate our pupils, their form teachers, Miss Sylvia, Miss Mariel and Miss Luciana, their Dancing teacher, Miss Mariela and their Singing teacher, Mr. Rom\u00e1n. We thank Miss Florencia Vega for her assistance, our Senior VI student Juana Goldberg for sharing her talent with us that night, Gustavo Castro for being in charge of the sound and our stage assitants Mario and Antonio. We were also delighted by Sebasti\u00e1n Bellotti\u2019s art and scenery. We enjoyed an awesome performance, full of energy, enthusiasm and professionalism. It was very exciting to see our children back on stage. You did it, Junior II!<\/p>\n\n\n\n<p>El 30 de septiembre Junior II inaugur\u00f3 nuestra temporada de Concerts 2022. Felicitamos a nuestros\/as alumnos\/as, a sus maestras, Miss Sylvia, Miss Mariel y Miss Luciana, a su profesora de Danza, Miss Mariela y a su profesor de M\u00fasica, Mr. Rom\u00e1n. Agradecemos a Miss Florencia Vega por su ayuda, a nuestra alumna de Senior VI Juana Goldberg por compartir su talento con nosotros esa noche, a Gustavo Castro por encargarse del sonido y a nuestros asistentes de escenario, Mario y Antonio. Tambi\u00e9n nos deslumbraron el arte y la escenograf\u00eda a cargo del profesor Sebasti\u00e1n Bellotti. Disfrutamos de una actuaci\u00f3n espectacular, llena de energ\u00eda, entusiasmo y profesionalismo. Nos emocion\u00f3 mucho ver a nuestros\/as estudiantes de vuelta en el escenario. \u00a1Lo lograron, Junior II!<\/p>\n","protected":false},"excerpt":{"rendered":"<p>On September 30th, Junior II opened our 2022 Concerts Season. We congratulate our pupils, their form teachers, Miss Sylvia, Miss Mariel and Miss Luciana, their Dancing teacher, Miss Mariela and their Singing teacher, Mr. Rom\u00e1n. We thank Miss Florencia Vega for her assistance, our Senior VI student Juana Goldberg for sharing her talent with us [&hellip;]<\/p>\n","protected":false},"author":4,"featured_media":1602,"comment_status":"open","ping_status":"open","sticky":false,"template":"","format":"standard","meta":{"_et_pb_use_builder":"","_et_pb_old_content":"","_et_gb_content_width":"","footnotes":""},"categories":[12],"tags":[],"class_list":["post-1601","post","type-post","status-publish","format-standard","has-post-thumbnail","hentry","category-primaria"],"_links":{"self":[{"href":"https:\/\/www.qhs.com.ar\/web\/index.php\/wp-json\/wp\/v2\/posts\/1601","targetHints":{"allow":["GET"]}}],"collection":[{"href":"https:\/\/www.qhs.com.ar\/web\/index.php\/wp-json\/wp\/v2\/posts"}],"about":[{"href":"https:\/\/www.qhs.com.ar\/web\/index.php\/wp-json\/wp\/v2\/types\/post"}],"author":[{"embeddable":true,"href":"https:\/\/www.qhs.com.ar\/web\/index.php\/wp-json\/wp\/v2\/users\/4"}],"replies":[{"embeddable":true,"href":"https:\/\/www.qhs.com.ar\/web\/index.php\/wp-json\/wp\/v2\/comments?post=1601"}],"version-history":[{"count":1,"href":"https:\/\/www.qhs.com.ar\/web\/index.php\/wp-json\/wp\/v2\/posts\/1601\/revisions"}],"predecessor-version":[{"id":1603,"href":"https:\/\/www.qhs.com.ar\/web\/index.php\/wp-json\/wp\/v2\/posts\/1601\/revisions\/1603"}],"wp:featuredmedia":[{"embeddable":true,"href":"https:\/\/www.qhs.com.ar\/web\/index.php\/wp-json\/wp\/v2\/media\/1602"}],"wp:attachment":[{"href":"https:\/\/www.qhs.com.ar\/web\/index.php\/wp-json\/wp\/v2\/media?parent=1601"}],"wp:term":[{"taxonomy":"category","embeddable":true,"href":"https:\/\/www.qhs.com.ar\/web\/index.php\/wp-json\/wp\/v2\/categories?post=1601"},{"taxonomy":"post_tag","embeddable":true,"href":"https:\/\/www.qhs.com.ar\/web\/index.php\/wp-json\/wp\/v2\/tags?post=1601"}],"curies":[{"name":"wp","href":"https:\/\/api.w.org\/{rel}","templated":true}]}}